{"id":2469,"date":"2020-06-01T08:10:53","date_gmt":"2020-06-01T11:10:53","guid":{"rendered":"http:\/\/proctogastro.com.br\/?p=2469"},"modified":"2020-06-01T08:16:37","modified_gmt":"2020-06-01T11:16:37","slug":"em-importante-entrevista-medico-dr-acacio-centeno-fala-sobre-a-pandemia","status":"publish","type":"post","link":"https:\/\/proctogastro.com.br\/index.php\/2020\/06\/01\/em-importante-entrevista-medico-dr-acacio-centeno-fala-sobre-a-pandemia\/","title":{"rendered":"Em importante entrevista, m\u00e9dico Acacio Centeno fala sobre a pandemia"},"content":{"rendered":"<p>Este portal conversa com um dos mais respeitados m\u00e9dicos do Par\u00e1 e do Brasil, sobre o momento em que vivemos. A entrevista do Dr. Acacio Centeno, enriquece o nosso conhecimento sendo de extraordin\u00e1ria contribui\u00e7\u00e3o para a popula\u00e7\u00e3o. Acompanhe a entrevista.<\/p>\n<p>Dr. Acacio Centeno<br \/>M\u00e9dico<br \/>\u00c1reas de atua\u00e7\u00e3o- cirurgi\u00e3o do aparelho digestivo, Cirurgi\u00e3o Bari\u00e1trico e do Diabetes.<\/p>\n<p><strong>1. A pandemia foi uma surpresa ou j\u00e1 poder\u00edamos esperar por ela?<\/strong><br \/>R \u2013 Acho que a pandemia foi uma surpresa para o mundo todo.<\/p>\n<p><strong>2. Como est\u00e1 convivendo como m\u00e9dico na crise do Coronav\u00edrus?<\/strong><br \/>R- Como ser humano, angustiado pela perda de tantas vidas. Como m\u00e9dico ajudando da melhor maneira que posso mantendo meu consult\u00f3rio aberto para atender aqueles que precisam e diminuindo a procura pelos pronto socorros.<\/p>\n<p><strong>3. Como cidad\u00e3o, como fam\u00edlia como est\u00e1 agindo nestes momentos dif\u00edceis?<\/strong><br \/>R- Seguindo as orienta\u00e7\u00f5es dos \u00f3rg\u00e3os competentes: isolamento social, usando m\u00e1scaras, lavando as m\u00e3os e usando \u00e1lcool em gel.<\/p>\n<p><strong>4. Em rela\u00e7\u00e3o ao Coronav\u00edrus os riscos reduziram e quem corre riscos?<\/strong><br \/>R- Essa \u00e9 uma doen\u00e7a que atinge a todos, por\u00e9m as formas graves s\u00e3o mais comuns em pessoas acima de 60 anos, hipertensos, diab\u00e9ticos e obesos.<\/p>\n<p><strong>5. As medidas mais importantes na preven\u00e7\u00e3o quais s\u00e3o? E como orienta seus pacientes?<\/strong><br \/>R- A transmiss\u00e3o mais comum \u00e9 de uma pessoa contaminada, por isso o isolamento das pessoas com suspeita ou com a doen\u00e7a Covid 19 \u00e9 importante. A orienta\u00e7\u00e3o \u00e9 seguir as determina\u00e7\u00f5es dos \u00f3rg\u00e3os competentes, e em caso de sinais ou sintomas sugestivos da doen\u00e7a procurar atendimento m\u00e9dico.<\/p>\n<p><strong>6. Aposta em medicamentos e vacinas a curto, M\u00e9dio ou longo prazo?<\/strong><br \/>R- Acho que vacina ainda demora um pouco. No momento atual a \u00fanica maneira de controlar a pandemia \u00e9 quando a maior parte da popula\u00e7\u00e3o se torna imune, ap\u00f3s contrair a doen\u00e7a. Vale esclarecer que o isolamento n\u00e3o evita a doen\u00e7a ele busca que a infec\u00e7\u00e3o se fa\u00e7a aos poucos, para evitar uma superlota\u00e7\u00e3o dos servi\u00e7os de sa\u00fade, como vimos em Bel\u00e9m nas semanas de pico da doen\u00e7a. Com rela\u00e7\u00e3o a medicamentos eu sou favor\u00e1vel ao uso da Hidroxicloroquina iniciando nos 2 a 3 primeiros dias de sintomas, pois os trabalhos publicados recentemente, que questionam a sua efic\u00e1cia, cometeram erros b\u00e1sicos na sua coleta de material, colocando em d\u00favida as suas conclus\u00f5es.<\/p>\n<p><strong>7. At\u00e9 quando poderemos ter tudo normalizado?<\/strong><br \/>R- Acho que em Bel\u00e9m j\u00e1 vencemos a pior fase e avan\u00e7amos para uma redu\u00e7\u00e3o r\u00e1pida dos casos, que agora crescem no interior. Na pr\u00f3xima semana o com\u00e9rcio e v\u00e1rios servi\u00e7os ir\u00e3o reabrir. Acho que at\u00e9 final de junho estar\u00e1 tudo normalizado.<\/p>\n<p><strong>8. Os h\u00e1bitos v\u00e3o mudar?<\/strong><br \/><strong>Como ficar\u00e3o esses h\u00e1bitos?<\/strong><br \/>R- Acho que veremos a consolida\u00e7\u00e3o da internet pelo e-comece, redes sociais, etc. quem ficar de fora, tender\u00e1 a desaparecer.<\/p>\n<h6>\u00a0<\/h6>\n\n\n<p style=\"font-size:14px\"><em>Fonte: <\/em> <a href=\"https:\/\/www.guaranyjunior.com.br\/\">https:\/\/www.guaranyjunior.com.br\/<\/a> <\/p>\n","protected":false},"excerpt":{"rendered":"<p>Este portal conversa com um dos mais respeitados m\u00e9dicos do Par\u00e1 e do Brasil, sobre o momento em que vivemos. A entrevista do Dr. Acacio Centeno, enriquece o nosso conhecimento sendo de extraordin\u00e1ria contribui\u00e7\u00e3o para a popula\u00e7\u00e3o. Acompanhe a entrevista. Dr. Acacio CentenoM\u00e9dico\u00c1reas de atua\u00e7\u00e3o- cirurgi\u00e3o do aparelho digestivo, Cirurgi\u00e3o Bari\u00e1trico e do Diabetes. 1. &hellip;<\/p>\n","protected":false},"author":1,"featured_media":2472,"comment_status":"closed","ping_status":"closed","sticky":false,"template":"","format":"standard","meta":{"_joinchat":[]},"categories":[16],"tags":[],"_links":{"self":[{"href":"https:\/\/proctogastro.com.br\/index.php\/wp-json\/wp\/v2\/posts\/2469"}],"collection":[{"href":"https:\/\/proctogastro.com.br\/index.php\/wp-json\/wp\/v2\/posts"}],"about":[{"href":"https:\/\/proctogastro.com.br\/index.php\/wp-json\/wp\/v2\/types\/post"}],"author":[{"embeddable":true,"href":"https:\/\/proctogastro.com.br\/index.php\/wp-json\/wp\/v2\/users\/1"}],"replies":[{"embeddable":true,"href":"https:\/\/proctogastro.com.br\/index.php\/wp-json\/wp\/v2\/comments?post=2469"}],"version-history":[{"count":2,"href":"https:\/\/proctogastro.com.br\/index.php\/wp-json\/wp\/v2\/posts\/2469\/revisions"}],"predecessor-version":[{"id":2471,"href":"https:\/\/proctogastro.com.br\/index.php\/wp-json\/wp\/v2\/posts\/2469\/revisions\/2471"}],"wp:featuredmedia":[{"embeddable":true,"href":"https:\/\/proctogastro.com.br\/index.php\/wp-json\/wp\/v2\/media\/2472"}],"wp:attachment":[{"href":"https:\/\/proctogastro.com.br\/index.php\/wp-json\/wp\/v2\/media?parent=2469"}],"wp:term":[{"taxonomy":"category","embeddable":true,"href":"https:\/\/proctogastro.com.br\/index.php\/wp-json\/wp\/v2\/categories?post=2469"},{"taxonomy":"post_tag","embeddable":true,"href":"https:\/\/proctogastro.com.br\/index.php\/wp-json\/wp\/v2\/tags?post=2469"}],"curies":[{"name":"wp","href":"https:\/\/api.w.org\/{rel}","templated":true}]}}